{"id":20553,"date":"2026-03-10T13:14:12","date_gmt":"2026-03-10T20:14:12","guid":{"rendered":"https:\/\/blog.lecosy.com.mx\/?p=20553"},"modified":"2026-03-30T08:52:57","modified_gmt":"2026-03-30T15:52:57","slug":"reforma-laboral-de-la-reduccion-de-la-jordada-laboral","status":"publish","type":"post","link":"https:\/\/blog.lecosy.com.mx\/index.php\/2026\/03\/10\/reforma-laboral-de-la-reduccion-de-la-jordada-laboral\/","title":{"rendered":"Reforma Laboral de la reducci\u00f3n de la jornada laboral"},"content":{"rendered":"\n<p><\/p>\n\n\n\n<div class=\"wp-block-cover alignfull is-light\" style=\"border-radius:0px;min-height:450px;aspect-ratio:unset;\"><span aria-hidden=\"true\" class=\"wp-block-cover__background has-custom-color-2-background-color has-background-dim-40 has-background-dim\"><\/span><img loading=\"lazy\" decoding=\"async\" width=\"1960\" height=\"900\" class=\"wp-block-cover__image-background wp-image-9300\" alt=\"\" src=\"https:\/\/blog.lecosy.com.mx\/wp-content\/uploads\/2024\/05\/Banner-3.png\" data-object-fit=\"cover\"\/><div class=\"wp-block-cover__inner-container is-layout-flow wp-block-cover-is-layout-flow\"><header class=\"wp-block-template-part\">\n<div class=\"wp-block-group cabecera is-content-justification-space-between is-nowrap is-layout-flex wp-container-core-group-is-layout-1 wp-block-group-is-layout-flex\" style=\"padding-top:var(--wp--preset--spacing--30);padding-right:5%;padding-bottom:var(--wp--preset--spacing--30);padding-left:5%\"><div style=\"padding-top:0;padding-right:10px;padding-bottom:0;padding-left:10px;margin-top:0;margin-bottom:0;margin-left:0;margin-right:0;\" class=\"logo-cabecera is-style-default ticss-b8183d75 wp-block-site-logo\"><a href=\"https:\/\/blog.lecosy.com.mx\/\" class=\"custom-logo-link\" rel=\"home\"><img loading=\"lazy\" decoding=\"async\" width=\"162\" height=\"54\" src=\"https:\/\/blog.lecosy.com.mx\/wp-content\/uploads\/2023\/05\/logo-lecosy.png\" class=\"custom-logo\" alt=\"Blog Lecosy\" \/><\/a><\/div>\n\n<div id=\"guten-kVZEOK\" class=\"guten-element guten-nav-menu nav-menu break-point-tablet submenu-click-title ticss-b7eedeb4\" data-item-indicator=\"fas fa-angle-down\" data-close-on-click=\"1\">\n\t\t\t<div class=\"gutenverse-hamburger-wrapper\">\n\t\t\t\t<button class=\"gutenverse-hamburger-menu\">\n\t\t\t\t\t<i aria-hidden=\"true\" class=\"fas fa-bars\"><\/i>\n\t\t\t\t<\/button>\n\t\t\t<\/div>\n\t\t\t<div class=\"gutenverse-menu-wrapper\"><div class=\"gutenverse-menu-container\"><ul id=\"menu-principal\" class=\"gutenverse-menu\"><li id=\"menu-item-188\" class=\"menu-item menu-item-type-custom menu-item-object-custom menu-item-188\"><a href=\"javascript:void(0);\" data-href=\"https:\/\/lecosy.com.mx\/\">Inicio<\/a><\/li>\n<li id=\"menu-item-194\" class=\"menu-item menu-item-type-custom menu-item-object-custom menu-item-194\"><a href=\"javascript:void(0);\" data-href=\"https:\/\/lecosy.com.mx\/nosotros\">Con\u00f3zcanos<\/a><\/li>\n<li id=\"menu-item-268\" class=\"menu-item menu-item-type-custom menu-item-object-custom menu-item-has-children menu-item-268\"><a>Soluciones<\/a>\n<ul class=\"sub-menu\">\n\t<li id=\"menu-item-270\" class=\"menu-item menu-item-type-custom menu-item-object-custom menu-item-270\"><a href=\"javascript:void(0);\" data-href=\"https:\/\/lecosy.com.mx\/canal-denuncias\">Canal de Denuncias<\/a><\/li>\n\t<li id=\"menu-item-269\" class=\"menu-item menu-item-type-custom menu-item-object-custom menu-item-269\"><a href=\"javascript:void(0);\" data-href=\"https:\/\/www.lecosy.com.mx\/gobierno-corporativo\">Gobierno Corporativo<\/a><\/li>\n\t<li id=\"menu-item-11098\" class=\"menu-item menu-item-type-custom menu-item-object-custom menu-item-11098\"><a href=\"javascript:void(0);\" data-href=\"https:\/\/lecosy.com.mx\/beneficiario-controlador\">Beneficiario Controlador<\/a><\/li>\n\t<li id=\"menu-item-13758\" class=\"menu-item menu-item-type-custom menu-item-object-custom menu-item-13758\"><a href=\"javascript:void(0);\" data-href=\"https:\/\/lecosy.com.mx\/repse\">REPSE<\/a><\/li>\n\t<li id=\"menu-item-13759\" class=\"menu-item menu-item-type-custom menu-item-object-custom menu-item-13759\"><a href=\"javascript:void(0);\" data-href=\"https:\/\/lecosy.com.mx\/siroc\">SIROC<\/a><\/li>\n\t<li id=\"menu-item-8779\" class=\"menu-item menu-item-type-custom menu-item-object-custom menu-item-8779\"><a href=\"javascript:void(0);\" data-href=\"https:\/\/www.lecosy.com.mx\/soluciones\">Pr\u00f3ximas Soluciones<\/a><\/li>\n<\/ul>\n<\/li>\n<li id=\"menu-item-265\" class=\"menu-item menu-item-type-custom menu-item-object-custom menu-item-home menu-item-265\"><a href=\"javascript:void(0);\" data-href=\"https:\/\/blog.lecosy.com.mx\">Blog<\/a><\/li>\n<li id=\"menu-item-266\" class=\"btn-contacto menu-item menu-item-type-custom menu-item-object-custom menu-item-266\"><a href=\"javascript:void(0);\" data-href=\"https:\/\/lecosy.com.mx\/contacto\">Contacto<\/a><\/li>\n<li id=\"menu-item-267\" class=\"btn-ingresar menu-item menu-item-type-custom menu-item-object-custom menu-item-267\"><a href=\"javascript:void(0);\" data-href=\"https:\/\/web.lecosy.com.mx\/login\">Ingresar<\/a><\/li>\n<\/ul><\/div>\n\t\t\t\t<div>\n\t\t\t\t\t<div class=\"gutenverse-nav-identity-panel\">\n\t\t\t\t\t\t<div class=\"gutenverse-nav-site-title\">\n\t\t\t\t\t\t\t<a href=\"https:\/\/blog.lecosy.com.mx\" class=\"gutenverse-nav-logo\"><\/a>\n\t\t\t\t\t\t<\/div>\n\t\t\t\t\t\t<button class=\"gutenverse-close-menu\"><i aria-hidden=\"true\" class=\"fas fa-times\"><\/i><\/button>\n\t\t\t\t\t<\/div>\n\t\t\t\t<\/div>\n\t\t\t<\/div>\n\t\t<\/div><\/div>\n<\/header>\n\n\n<div style=\"height:319px\" aria-hidden=\"true\" class=\"wp-block-spacer\"><\/div>\n<\/div><\/div>\n\n\n\n<main class=\"wp-block-group alignwide is-layout-flow wp-block-group-is-layout-flow\" style=\"margin-top:var(--wp--preset--spacing--40);padding-top:0;padding-right:0;padding-bottom:0;padding-left:0\">\n<div class=\"wp-block-group has-global-padding is-layout-constrained wp-block-group-is-layout-constrained\">\n<div class=\"wp-block-essential-blocks-row alignfull eplus-wrapper is-layout-flow\"><div class=\"eb-parent-wrapper eb-parent-eb-row-db898mm \"><div class=\"eb-row-root-container eb-row-db898mm\" data-id=\"eb-row-db898mm\"><div class=\"eb-row-wrapper\"><div class=\"eb-row-inner\">\n<div class=\"eb-parent-wrapper eb-parent-eb-column-uyly1mc  wp-block-essential-blocks-column\"><div class=\"eb-column-wrapper eb-column-uyly1mc\"><div class=\"eb-column-inner\">\n<div class=\"wp-block-columns alignwide eplus-wrapper is-layout-flex wp-container-core-columns-is-layout-2 wp-block-columns-is-layout-flex\">\n<div class=\"wp-block-column eplus-wrapper is-layout-flow wp-block-column-is-layout-flow\" style=\"flex-basis:80%\"><h2 style=\"font-size:clamp(26.465px, 1.654rem + ((1vw - 3.2px) * 2.106), 45px);font-style:normal;font-weight:700;\" class=\"has-text-align-left has-text-color has-custom-color-1-color wp-block-post-title\">Reforma Laboral de la reducci\u00f3n de la jornada laboral<\/h2><\/div>\n\n\n\n<div class=\"wp-block-column eplus-wrapper is-layout-flow wp-block-column-is-layout-flow\" style=\"flex-basis:40%\">\n<div class=\"wp-block-columns are-vertically-aligned-center is-not-stacked-on-mobile eplus-wrapper is-layout-flex wp-container-core-columns-is-layout-1 wp-block-columns-is-layout-flex\" style=\"padding-top:0;padding-right:0;padding-bottom:0;padding-left:0\">\n<div class=\"wp-block-column is-vertically-aligned-center eplus-wrapper is-layout-flow wp-container-core-column-is-layout-2 wp-block-column-is-layout-flow\" style=\"border-style:none;border-width:0px;padding-top:0;padding-right:0;padding-bottom:0;padding-left:0;flex-basis:90%\"><div style=\"font-size:clamp(14px, 0.875rem + ((1vw - 3.2px) * 0.227), 16px);line-height:1;\" class=\"has-text-align-right has-link-color has-text-color has-custom-color-1-color  wp-block-post-author has-dm-sans-font-family wp-elements-1725a61783b5306b3a8b2f07384f05c9\"><div class=\"wp-block-post-author__content\"><p class=\"wp-block-post-author__name\"><a href=\"https:\/\/blog.lecosy.com.mx\/index.php\/author\/equipo-lecosy\/\" target=\"_self\">Equipo Lecosy<\/a><\/p><\/div><\/div>\n\n<div style=\"color:#162c44; font-size:clamp(14px, 0.875rem + ((1vw - 3.2px) * 0.227), 16px);line-height:1;\" class=\"has-text-align-right has-text-color  wp-block-post-date\"><time datetime=\"2026-03-10T13:14:12-07:00\">10 marzo, 2026<\/time><\/div><\/div>\n\n\n\n<div class=\"wp-block-column is-vertically-aligned-center eplus-wrapper is-layout-flow wp-block-column-is-layout-flow\" style=\"padding-top:0;padding-right:0;padding-bottom:0;padding-left:0;flex-basis:10%\"><div class=\"aligncenter  wp-block-avatar\"><a href=\"https:\/\/blog.lecosy.com.mx\/index.php\/author\/equipo-lecosy\/\" target=\"_self\"  class=\"wp-block-avatar__link\"><img alt='Avatar de Equipo Lecosy' src='https:\/\/blog.lecosy.com.mx\/wp-content\/uploads\/2025\/06\/Lecosy_icono-1x1-1.jpg' srcset='https:\/\/blog.lecosy.com.mx\/wp-content\/uploads\/2025\/06\/Lecosy_icono-1x1-1.jpg 2x' class='avatar avatar-60 photo wp-block-avatar__image' height='60' width='60'  style=\"border-radius:20px;\"\/><\/a><\/div><\/div>\n<\/div>\n<\/div>\n<\/div>\n<\/div><\/div><\/div>\n<\/div><\/div><\/div><\/div><\/div>\n<\/div>\n<\/main>\n\n\n\n<div class=\"wp-block-essential-blocks-row alignfull eplus-wrapper is-layout-flow\"><div class=\"eb-parent-wrapper eb-parent-eb-row-6z8xkuu \"><div class=\"eb-row-root-container eb-row-6z8xkuu\" data-id=\"eb-row-6z8xkuu\"><div class=\"eb-row-wrapper\"><div class=\"eb-row-inner\">\n<div class=\"eb-parent-wrapper eb-parent-eb-column-gu063k1  wp-block-essential-blocks-column\"><div class=\"eb-column-wrapper eb-column-gu063k1\"><div class=\"eb-column-inner\">\n<div class=\"wp-block-columns alignwide eplus-wrapper is-layout-flex wp-container-core-columns-is-layout-3 wp-block-columns-is-layout-flex\">\n<div class=\"wp-block-column eplus-wrapper is-layout-flow wp-block-column-is-layout-flow\" style=\"flex-basis:90%\">\n<p>El 3 de marzo de 2026 se public\u00f3 en el Diario Oficial de la Federaci\u00f3n el Decreto por el que se reforman las<br>fracciones IV y XI del Apartado A del art\u00edculo 123 de la Constituci\u00f3n. Dicho Decreto entrar\u00e1 en vigor el 1 de mayo<br>de 2026, mientras que la aplicaci\u00f3n gradual de la reducci\u00f3n de la jornada laboral iniciar\u00e1 el 1 de enero de 2027.<\/p>\n\n\n\n<div data-wp-interactive=\"core\/file\" class=\"wp-block-file\"><object data-wp-bind--hidden=\"!state.hasPdfPreview\"  class=\"wp-block-file__embed\" data=\"https:\/\/blog.lecosy.com.mx\/wp-content\/uploads\/2026\/03\/Reforma_-Reduccion-de-jornada-laboral-6.pdf\" type=\"application\/pdf\" style=\"width:100%;height:600px\" aria-label=\"Incrustado de Reforma_-Reduccion-de-jornada-laboral-6.\"><\/object><a id=\"wp-block-file--media-8f049994-a524-469a-9f55-ad6ea6ef026e\" href=\"https:\/\/blog.lecosy.com.mx\/wp-content\/uploads\/2026\/03\/Reforma_-Reduccion-de-jornada-laboral-6.pdf\">Reforma_-Reduccion-de-jornada-laboral-6<\/a><a href=\"https:\/\/blog.lecosy.com.mx\/wp-content\/uploads\/2026\/03\/Reforma_-Reduccion-de-jornada-laboral-6.pdf\" class=\"wp-block-file__button wp-element-button\" download aria-describedby=\"wp-block-file--media-8f049994-a524-469a-9f55-ad6ea6ef026e\">Descarga<\/a><\/div>\n<\/div>\n<\/div>\n<\/div><\/div><\/div>\n<\/div><\/div><\/div><\/div><\/div>\n","protected":false},"excerpt":{"rendered":"","protected":false},"author":12,"featured_media":20700,"comment_status":"open","ping_status":"open","sticky":false,"template":"wp-custom-template-plantilla-podcast-1","format":"standard","meta":{"_editorskit_title_hidden":false,"_editorskit_reading_time":0,"_editorskit_is_block_options_detached":false,"_editorskit_block_options_position":"{}","_eb_attr":"","om_disable_all_campaigns":false,"ub_ctt_via":"","_monsterinsights_skip_tracking":false,"_monsterinsights_sitenote_active":false,"_monsterinsights_sitenote_note":"","_monsterinsights_sitenote_category":0,"_themeisle_gutenberg_block_has_review":false,"footnotes":""},"categories":[49],"tags":[],"ppma_author":[272],"featured_image_urls":{"full":["https:\/\/blog.lecosy.com.mx\/wp-content\/uploads\/2026\/03\/Destacada-texto-3.jpg",1800,1200,false],"thumbnail":["https:\/\/blog.lecosy.com.mx\/wp-content\/uploads\/2026\/03\/Destacada-texto-3.jpg",150,100,false],"medium":["https:\/\/blog.lecosy.com.mx\/wp-content\/uploads\/2026\/03\/Destacada-texto-3.jpg",300,200,false],"medium_large":["https:\/\/blog.lecosy.com.mx\/wp-content\/uploads\/2026\/03\/Destacada-texto-3.jpg",768,512,false],"large":["https:\/\/blog.lecosy.com.mx\/wp-content\/uploads\/2026\/03\/Destacada-texto-3.jpg",1024,683,false],"1536x1536":["https:\/\/blog.lecosy.com.mx\/wp-content\/uploads\/2026\/03\/Destacada-texto-3.jpg",1536,1024,false],"2048x2048":["https:\/\/blog.lecosy.com.mx\/wp-content\/uploads\/2026\/03\/Destacada-texto-3.jpg",1800,1200,false]},"post_excerpt_stackable":"<p>Inicio Con\u00f3zcanos Soluciones Canal de Denuncias Gobierno Corporativo Beneficiario Controlador REPSE SIROC Pr\u00f3ximas Soluciones Blog Contacto Ingresar Reforma Laboral de la reducci\u00f3n de la jornada laboral Equipo Lecosy 10 marzo, 2026 El 3 de marzo de 2026 se public\u00f3 en el Diario Oficial de la Federaci\u00f3n el Decreto por el que se reforman lasfracciones IV y XI del Apartado A del art\u00edculo 123 de la Constituci\u00f3n. Dicho Decreto entrar\u00e1 en vigor el 1 de mayode 2026, mientras que la aplicaci\u00f3n gradual de la reducci\u00f3n de la jornada laboral iniciar\u00e1 el 1 de enero de 2027. Reforma_-Reduccion-de-jornada-laboral-6Descarga<\/p>\n","category_list":"<a href=\"https:\/\/blog.lecosy.com.mx\/index.php\/category\/programa-de-cumplimiento\/\" rel=\"category tag\">Programa de Cumplimiento<\/a>","author_info":{"display_name":"Equipo Lecosy","author_link":"https:\/\/blog.lecosy.com.mx\/index.php\/author\/equipo-lecosy\/"},"comments_num":"0 comments","featured_image_src":"https:\/\/blog.lecosy.com.mx\/wp-content\/uploads\/2026\/03\/Destacada-texto-3.jpg","yoast_head":"<!-- This site is optimized with the Yoast SEO plugin v22.7 - https:\/\/yoast.com\/wordpress\/plugins\/seo\/ -->\n<title>Reforma Laboral de la reducci\u00f3n de la jornada laboral<\/title>\n<meta name=\"robots\" content=\"index, follow, max-snippet:-1, max-image-preview:large, max-video-preview:-1\" \/>\n<link rel=\"canonical\" href=\"https:\/\/blog.lecosy.com.mx\/index.php\/2026\/03\/10\/reforma-laboral-de-la-reduccion-de-la-jordada-laboral\/\" \/>\n<meta property=\"og:locale\" content=\"es_MX\" \/>\n<meta property=\"og:type\" content=\"article\" \/>\n<meta property=\"og:title\" content=\"Reforma Laboral de la reducci\u00f3n de la jornada laboral\" \/>\n<meta property=\"og:url\" content=\"https:\/\/blog.lecosy.com.mx\/index.php\/2026\/03\/10\/reforma-laboral-de-la-reduccion-de-la-jordada-laboral\/\" \/>\n<meta property=\"og:site_name\" content=\"Blog Lecosy\" \/>\n<meta property=\"article:publisher\" content=\"https:\/\/www.facebook.com\/lecosylegalcs\/\" \/>\n<meta property=\"article:published_time\" content=\"2026-03-10T20:14:12+00:00\" \/>\n<meta property=\"article:modified_time\" content=\"2026-03-30T15:52:57+00:00\" \/>\n<meta property=\"og:image\" content=\"https:\/\/blog.lecosy.com.mx\/wp-content\/uploads\/2026\/03\/Destacada-texto-3.jpg\" \/>\n\t<meta property=\"og:image:width\" content=\"1800\" \/>\n\t<meta property=\"og:image:height\" content=\"1200\" \/>\n\t<meta property=\"og:image:type\" content=\"image\/jpeg\" \/>\n<meta name=\"author\" content=\"Equipo Lecosy\" \/>\n<meta name=\"twitter:card\" content=\"summary_large_image\" \/>\n<meta name=\"twitter:label1\" content=\"Escrito por\" \/>\n\t<meta name=\"twitter:data1\" content=\"Equipo Lecosy\" \/>\n\t<meta name=\"twitter:label2\" content=\"Tiempo de lectura\" \/>\n\t<meta name=\"twitter:data2\" content=\"1 minuto\" \/>\n<script type=\"application\/ld+json\" class=\"yoast-schema-graph\">{\"@context\":\"https:\/\/schema.org\",\"@graph\":[{\"@type\":\"Article\",\"@id\":\"https:\/\/blog.lecosy.com.mx\/index.php\/2026\/03\/10\/reforma-laboral-de-la-reduccion-de-la-jordada-laboral\/#article\",\"isPartOf\":{\"@id\":\"https:\/\/blog.lecosy.com.mx\/index.php\/2026\/03\/10\/reforma-laboral-de-la-reduccion-de-la-jordada-laboral\/\"},\"author\":{\"name\":\"Equipo Lecosy\",\"@id\":\"https:\/\/blog.lecosy.com.mx\/#\/schema\/person\/381233327bffa3ae759bcb161a73dba9\"},\"headline\":\"Reforma Laboral de la reducci\u00f3n de la jornada laboral\",\"datePublished\":\"2026-03-10T20:14:12+00:00\",\"dateModified\":\"2026-03-30T15:52:57+00:00\",\"mainEntityOfPage\":{\"@id\":\"https:\/\/blog.lecosy.com.mx\/index.php\/2026\/03\/10\/reforma-laboral-de-la-reduccion-de-la-jordada-laboral\/\"},\"wordCount\":75,\"commentCount\":0,\"publisher\":{\"@id\":\"https:\/\/blog.lecosy.com.mx\/#organization\"},\"image\":{\"@id\":\"https:\/\/blog.lecosy.com.mx\/index.php\/2026\/03\/10\/reforma-laboral-de-la-reduccion-de-la-jordada-laboral\/#primaryimage\"},\"thumbnailUrl\":\"https:\/\/blog.lecosy.com.mx\/wp-content\/uploads\/2026\/03\/Destacada-texto-3.jpg\",\"articleSection\":[\"Programa de Cumplimiento\"],\"inLanguage\":\"es\",\"potentialAction\":[{\"@type\":\"CommentAction\",\"name\":\"Comment\",\"target\":[\"https:\/\/blog.lecosy.com.mx\/index.php\/2026\/03\/10\/reforma-laboral-de-la-reduccion-de-la-jordada-laboral\/#respond\"]}]},{\"@type\":\"WebPage\",\"@id\":\"https:\/\/blog.lecosy.com.mx\/index.php\/2026\/03\/10\/reforma-laboral-de-la-reduccion-de-la-jordada-laboral\/\",\"url\":\"https:\/\/blog.lecosy.com.mx\/index.php\/2026\/03\/10\/reforma-laboral-de-la-reduccion-de-la-jordada-laboral\/\",\"name\":\"Reforma Laboral de la reducci\u00f3n de la jornada laboral\",\"isPartOf\":{\"@id\":\"https:\/\/blog.lecosy.com.mx\/#website\"},\"primaryImageOfPage\":{\"@id\":\"https:\/\/blog.lecosy.com.mx\/index.php\/2026\/03\/10\/reforma-laboral-de-la-reduccion-de-la-jordada-laboral\/#primaryimage\"},\"image\":{\"@id\":\"https:\/\/blog.lecosy.com.mx\/index.php\/2026\/03\/10\/reforma-laboral-de-la-reduccion-de-la-jordada-laboral\/#primaryimage\"},\"thumbnailUrl\":\"https:\/\/blog.lecosy.com.mx\/wp-content\/uploads\/2026\/03\/Destacada-texto-3.jpg\",\"datePublished\":\"2026-03-10T20:14:12+00:00\",\"dateModified\":\"2026-03-30T15:52:57+00:00\",\"breadcrumb\":{\"@id\":\"https:\/\/blog.lecosy.com.mx\/index.php\/2026\/03\/10\/reforma-laboral-de-la-reduccion-de-la-jordada-laboral\/#breadcrumb\"},\"inLanguage\":\"es\",\"potentialAction\":[{\"@type\":\"ReadAction\",\"target\":[\"https:\/\/blog.lecosy.com.mx\/index.php\/2026\/03\/10\/reforma-laboral-de-la-reduccion-de-la-jordada-laboral\/\"]}]},{\"@type\":\"ImageObject\",\"inLanguage\":\"es\",\"@id\":\"https:\/\/blog.lecosy.com.mx\/index.php\/2026\/03\/10\/reforma-laboral-de-la-reduccion-de-la-jordada-laboral\/#primaryimage\",\"url\":\"https:\/\/blog.lecosy.com.mx\/wp-content\/uploads\/2026\/03\/Destacada-texto-3.jpg\",\"contentUrl\":\"https:\/\/blog.lecosy.com.mx\/wp-content\/uploads\/2026\/03\/Destacada-texto-3.jpg\",\"width\":1800,\"height\":1200},{\"@type\":\"BreadcrumbList\",\"@id\":\"https:\/\/blog.lecosy.com.mx\/index.php\/2026\/03\/10\/reforma-laboral-de-la-reduccion-de-la-jordada-laboral\/#breadcrumb\",\"itemListElement\":[{\"@type\":\"ListItem\",\"position\":1,\"name\":\"Inicio\",\"item\":\"https:\/\/blog.lecosy.com.mx\/\"},{\"@type\":\"ListItem\",\"position\":2,\"name\":\"Reforma Laboral de la reducci\u00f3n de la jornada laboral\"}]},{\"@type\":\"WebSite\",\"@id\":\"https:\/\/blog.lecosy.com.mx\/#website\",\"url\":\"https:\/\/blog.lecosy.com.mx\/\",\"name\":\"Blog Lecosy\",\"description\":\"\",\"publisher\":{\"@id\":\"https:\/\/blog.lecosy.com.mx\/#organization\"},\"potentialAction\":[{\"@type\":\"SearchAction\",\"target\":{\"@type\":\"EntryPoint\",\"urlTemplate\":\"https:\/\/blog.lecosy.com.mx\/?s={search_term_string}\"},\"query-input\":\"required name=search_term_string\"}],\"inLanguage\":\"es\"},{\"@type\":\"Organization\",\"@id\":\"https:\/\/blog.lecosy.com.mx\/#organization\",\"name\":\"Lecosy\",\"url\":\"https:\/\/blog.lecosy.com.mx\/\",\"logo\":{\"@type\":\"ImageObject\",\"inLanguage\":\"es\",\"@id\":\"https:\/\/blog.lecosy.com.mx\/#\/schema\/logo\/image\/\",\"url\":\"https:\/\/blog.lecosy.com.mx\/wp-content\/uploads\/2024\/08\/Logo-Lecosy_icono-.png\",\"contentUrl\":\"https:\/\/blog.lecosy.com.mx\/wp-content\/uploads\/2024\/08\/Logo-Lecosy_icono-.png\",\"width\":1355,\"height\":1564,\"caption\":\"Lecosy\"},\"image\":{\"@id\":\"https:\/\/blog.lecosy.com.mx\/#\/schema\/logo\/image\/\"},\"sameAs\":[\"https:\/\/www.facebook.com\/lecosylegalcs\/\",\"https:\/\/mx.linkedin.com\/company\/lecosylegalcs\"]},{\"@type\":\"Person\",\"@id\":\"https:\/\/blog.lecosy.com.mx\/#\/schema\/person\/381233327bffa3ae759bcb161a73dba9\",\"name\":\"Equipo Lecosy\",\"image\":{\"@type\":\"ImageObject\",\"inLanguage\":\"es\",\"@id\":\"https:\/\/blog.lecosy.com.mx\/#\/schema\/person\/image\/38d97293797f9f176488ac211606dab3\",\"url\":\"https:\/\/blog.lecosy.com.mx\/wp-content\/uploads\/2025\/06\/Lecosy_icono-1x1-1.jpg\",\"contentUrl\":\"https:\/\/blog.lecosy.com.mx\/wp-content\/uploads\/2025\/06\/Lecosy_icono-1x1-1.jpg\",\"caption\":\"Equipo Lecosy\"}}]}<\/script>\n<!-- \/ Yoast SEO plugin. -->","yoast_head_json":{"title":"Reforma Laboral de la reducci\u00f3n de la jornada laboral","robots":{"index":"index","follow":"follow","max-snippet":"max-snippet:-1","max-image-preview":"max-image-preview:large","max-video-preview":"max-video-preview:-1"},"canonical":"https:\/\/blog.lecosy.com.mx\/index.php\/2026\/03\/10\/reforma-laboral-de-la-reduccion-de-la-jordada-laboral\/","og_locale":"es_MX","og_type":"article","og_title":"Reforma Laboral de la reducci\u00f3n de la jornada laboral","og_url":"https:\/\/blog.lecosy.com.mx\/index.php\/2026\/03\/10\/reforma-laboral-de-la-reduccion-de-la-jordada-laboral\/","og_site_name":"Blog Lecosy","article_publisher":"https:\/\/www.facebook.com\/lecosylegalcs\/","article_published_time":"2026-03-10T20:14:12+00:00","article_modified_time":"2026-03-30T15:52:57+00:00","og_image":[{"width":1800,"height":1200,"url":"https:\/\/blog.lecosy.com.mx\/wp-content\/uploads\/2026\/03\/Destacada-texto-3.jpg","type":"image\/jpeg"}],"author":"Equipo Lecosy","twitter_card":"summary_large_image","twitter_misc":{"Escrito por":"Equipo Lecosy","Tiempo de lectura":"1 minuto"},"schema":{"@context":"https:\/\/schema.org","@graph":[{"@type":"Article","@id":"https:\/\/blog.lecosy.com.mx\/index.php\/2026\/03\/10\/reforma-laboral-de-la-reduccion-de-la-jordada-laboral\/#article","isPartOf":{"@id":"https:\/\/blog.lecosy.com.mx\/index.php\/2026\/03\/10\/reforma-laboral-de-la-reduccion-de-la-jordada-laboral\/"},"author":{"name":"Equipo Lecosy","@id":"https:\/\/blog.lecosy.com.mx\/#\/schema\/person\/381233327bffa3ae759bcb161a73dba9"},"headline":"Reforma Laboral de la reducci\u00f3n de la jornada laboral","datePublished":"2026-03-10T20:14:12+00:00","dateModified":"2026-03-30T15:52:57+00:00","mainEntityOfPage":{"@id":"https:\/\/blog.lecosy.com.mx\/index.php\/2026\/03\/10\/reforma-laboral-de-la-reduccion-de-la-jordada-laboral\/"},"wordCount":75,"commentCount":0,"publisher":{"@id":"https:\/\/blog.lecosy.com.mx\/#organization"},"image":{"@id":"https:\/\/blog.lecosy.com.mx\/index.php\/2026\/03\/10\/reforma-laboral-de-la-reduccion-de-la-jordada-laboral\/#primaryimage"},"thumbnailUrl":"https:\/\/blog.lecosy.com.mx\/wp-content\/uploads\/2026\/03\/Destacada-texto-3.jpg","articleSection":["Programa de Cumplimiento"],"inLanguage":"es","potentialAction":[{"@type":"CommentAction","name":"Comment","target":["https:\/\/blog.lecosy.com.mx\/index.php\/2026\/03\/10\/reforma-laboral-de-la-reduccion-de-la-jordada-laboral\/#respond"]}]},{"@type":"WebPage","@id":"https:\/\/blog.lecosy.com.mx\/index.php\/2026\/03\/10\/reforma-laboral-de-la-reduccion-de-la-jordada-laboral\/","url":"https:\/\/blog.lecosy.com.mx\/index.php\/2026\/03\/10\/reforma-laboral-de-la-reduccion-de-la-jordada-laboral\/","name":"Reforma Laboral de la reducci\u00f3n de la jornada laboral","isPartOf":{"@id":"https:\/\/blog.lecosy.com.mx\/#website"},"primaryImageOfPage":{"@id":"https:\/\/blog.lecosy.com.mx\/index.php\/2026\/03\/10\/reforma-laboral-de-la-reduccion-de-la-jordada-laboral\/#primaryimage"},"image":{"@id":"https:\/\/blog.lecosy.com.mx\/index.php\/2026\/03\/10\/reforma-laboral-de-la-reduccion-de-la-jordada-laboral\/#primaryimage"},"thumbnailUrl":"https:\/\/blog.lecosy.com.mx\/wp-content\/uploads\/2026\/03\/Destacada-texto-3.jpg","datePublished":"2026-03-10T20:14:12+00:00","dateModified":"2026-03-30T15:52:57+00:00","breadcrumb":{"@id":"https:\/\/blog.lecosy.com.mx\/index.php\/2026\/03\/10\/reforma-laboral-de-la-reduccion-de-la-jordada-laboral\/#breadcrumb"},"inLanguage":"es","potentialAction":[{"@type":"ReadAction","target":["https:\/\/blog.lecosy.com.mx\/index.php\/2026\/03\/10\/reforma-laboral-de-la-reduccion-de-la-jordada-laboral\/"]}]},{"@type":"ImageObject","inLanguage":"es","@id":"https:\/\/blog.lecosy.com.mx\/index.php\/2026\/03\/10\/reforma-laboral-de-la-reduccion-de-la-jordada-laboral\/#primaryimage","url":"https:\/\/blog.lecosy.com.mx\/wp-content\/uploads\/2026\/03\/Destacada-texto-3.jpg","contentUrl":"https:\/\/blog.lecosy.com.mx\/wp-content\/uploads\/2026\/03\/Destacada-texto-3.jpg","width":1800,"height":1200},{"@type":"BreadcrumbList","@id":"https:\/\/blog.lecosy.com.mx\/index.php\/2026\/03\/10\/reforma-laboral-de-la-reduccion-de-la-jordada-laboral\/#breadcrumb","itemListElement":[{"@type":"ListItem","position":1,"name":"Inicio","item":"https:\/\/blog.lecosy.com.mx\/"},{"@type":"ListItem","position":2,"name":"Reforma Laboral de la reducci\u00f3n de la jornada laboral"}]},{"@type":"WebSite","@id":"https:\/\/blog.lecosy.com.mx\/#website","url":"https:\/\/blog.lecosy.com.mx\/","name":"Blog Lecosy","description":"","publisher":{"@id":"https:\/\/blog.lecosy.com.mx\/#organization"},"potentialAction":[{"@type":"SearchAction","target":{"@type":"EntryPoint","urlTemplate":"https:\/\/blog.lecosy.com.mx\/?s={search_term_string}"},"query-input":"required name=search_term_string"}],"inLanguage":"es"},{"@type":"Organization","@id":"https:\/\/blog.lecosy.com.mx\/#organization","name":"Lecosy","url":"https:\/\/blog.lecosy.com.mx\/","logo":{"@type":"ImageObject","inLanguage":"es","@id":"https:\/\/blog.lecosy.com.mx\/#\/schema\/logo\/image\/","url":"https:\/\/blog.lecosy.com.mx\/wp-content\/uploads\/2024\/08\/Logo-Lecosy_icono-.png","contentUrl":"https:\/\/blog.lecosy.com.mx\/wp-content\/uploads\/2024\/08\/Logo-Lecosy_icono-.png","width":1355,"height":1564,"caption":"Lecosy"},"image":{"@id":"https:\/\/blog.lecosy.com.mx\/#\/schema\/logo\/image\/"},"sameAs":["https:\/\/www.facebook.com\/lecosylegalcs\/","https:\/\/mx.linkedin.com\/company\/lecosylegalcs"]},{"@type":"Person","@id":"https:\/\/blog.lecosy.com.mx\/#\/schema\/person\/381233327bffa3ae759bcb161a73dba9","name":"Equipo Lecosy","image":{"@type":"ImageObject","inLanguage":"es","@id":"https:\/\/blog.lecosy.com.mx\/#\/schema\/person\/image\/38d97293797f9f176488ac211606dab3","url":"https:\/\/blog.lecosy.com.mx\/wp-content\/uploads\/2025\/06\/Lecosy_icono-1x1-1.jpg","contentUrl":"https:\/\/blog.lecosy.com.mx\/wp-content\/uploads\/2025\/06\/Lecosy_icono-1x1-1.jpg","caption":"Equipo Lecosy"}}]}},"authors":[{"term_id":272,"user_id":12,"is_guest":0,"slug":"equipo-lecosy","display_name":"Equipo Lecosy","avatar_url":"https:\/\/blog.lecosy.com.mx\/wp-content\/uploads\/2025\/06\/Lecosy_icono-1x1-1.jpg","author_category":"","user_url":"","last_name":"","first_name":"Equipo Lecosy","job_title":"","description":""}],"_links":{"self":[{"href":"https:\/\/blog.lecosy.com.mx\/index.php\/wp-json\/wp\/v2\/posts\/20553"}],"collection":[{"href":"https:\/\/blog.lecosy.com.mx\/index.php\/wp-json\/wp\/v2\/posts"}],"about":[{"href":"https:\/\/blog.lecosy.com.mx\/index.php\/wp-json\/wp\/v2\/types\/post"}],"author":[{"embeddable":true,"href":"https:\/\/blog.lecosy.com.mx\/index.php\/wp-json\/wp\/v2\/users\/12"}],"replies":[{"embeddable":true,"href":"https:\/\/blog.lecosy.com.mx\/index.php\/wp-json\/wp\/v2\/comments?post=20553"}],"version-history":[{"count":3,"href":"https:\/\/blog.lecosy.com.mx\/index.php\/wp-json\/wp\/v2\/posts\/20553\/revisions"}],"predecessor-version":[{"id":20701,"href":"https:\/\/blog.lecosy.com.mx\/index.php\/wp-json\/wp\/v2\/posts\/20553\/revisions\/20701"}],"wp:featuredmedia":[{"embeddable":true,"href":"https:\/\/blog.lecosy.com.mx\/index.php\/wp-json\/wp\/v2\/media\/20700"}],"wp:attachment":[{"href":"https:\/\/blog.lecosy.com.mx\/index.php\/wp-json\/wp\/v2\/media?parent=20553"}],"wp:term":[{"taxonomy":"category","embeddable":true,"href":"https:\/\/blog.lecosy.com.mx\/index.php\/wp-json\/wp\/v2\/categories?post=20553"},{"taxonomy":"post_tag","embeddable":true,"href":"https:\/\/blog.lecosy.com.mx\/index.php\/wp-json\/wp\/v2\/tags?post=20553"},{"taxonomy":"author","embeddable":true,"href":"https:\/\/blog.lecosy.com.mx\/index.php\/wp-json\/wp\/v2\/ppma_author?post=20553"}],"curies":[{"name":"wp","href":"https:\/\/api.w.org\/{rel}","templated":true}]}}